{"id":5987,"date":"2023-01-26T21:00:18","date_gmt":"2023-01-26T21:00:18","guid":{"rendered":"https:\/\/blog.wearedream.org\/?p=889"},"modified":"2026-03-25T18:35:13","modified_gmt":"2026-03-25T22:35:13","slug":"ribbon-cutting-20-bruckner","status":"publish","type":"blog","link":"https:\/\/wearedream.org\/es\/blog\/ribbon-cutting-20-bruckner\/","title":{"rendered":"Ceremonia de apertura: corte de cinta oficial de DREAM para 20 Bruckner"},"content":{"rendered":"<p>El 19 de enero se vivi\u00f3 un emotivo reencuentro cuando l\u00edderes, personal, exalumnos, amigos y simpatizantes de DREAM llenaron el ala de artes de la nueva sede de la organizaci\u00f3n en 20 Bruckner Boulevard para inaugurar oficialmente el edificio y consolidar a\u00fan m\u00e1s las ra\u00edces de DREAM en el sur del Bronx. Para celebrar la evoluci\u00f3n de DREAM desde el primer solar abandonado en East Harlem hasta la actualidad, los asistentes a la ceremonia de inauguraci\u00f3n destacaron lo que significa para DREAM invertir tan profundamente en sus comunidades y el impacto transformador que dicha inversi\u00f3n puede tener en el futuro de un ni\u00f1o.<\/p>\n<p>\u201cDebemos recordarles a nuestros j\u00f3venes, en todo lo que hacemos, que su barrio nunca debe impedirles alcanzar sus metas, y que su c\u00f3digo postal nunca debe limitar su futuro\u201d, dijo la presidenta del distrito del Bronx, Vanessa L. Gibson, en la ceremonia. \u201cDe eso se trata este d\u00eda\u201d.\u201d<\/p>\n<p>Adem\u00e1s de Gibson, Elsie Encarnacion, jefa de gabinete de la vicepresidenta del Consejo Municipal de Nueva York, Diana Ayala, la asamble\u00edsta estatal de Nueva York, Amanda Septimo, y el asamble\u00edsta estatal de Nueva York, John Zaccaro Jr., se unieron a la celebraci\u00f3n matutina para compartir algunas palabras sobre el impacto de DREAM. Tras el programa de discursos en el Ala de Artes, los invitados se unieron a los codirectores ejecutivos de DREAM, Richard Berlin y Eve Colavito, para cortar la cinta frente a la entrada del edificio en Bruckner Boulevard, inaugurando oficialmente el n\u00famero 20 de Bruckner y marcando el inicio de la siguiente etapa del trabajo de DREAM en Mott Haven.<\/p>\n<blockquote>\n<h3>\u201cHoy, al inaugurar oficialmente esta hermosa escuela nueva, quiero reconocer ese impacto y c\u00f3mo puede transformar una vida, una familia y una comunidad. S\u00e9 que lo hizo por m\u00ed y por los m\u00edos.\u201d<\/h3>\n<p><em>Alex Ruiz, Jr., Leyenda del programa DREAM y Coordinador de \u00c9xito Postsecundario<\/em><\/p><\/blockquote>\n<p>Dise\u00f1ado por el arquitecto de renombre mundial Sir David Adjaye, <a href=\"https:\/\/www.thenextbigdream.org\/\">20 Bruckner<\/a> Se trata de una antigua f\u00e1brica de hielo de 120 a\u00f1os de antig\u00fcedad, transformada en una escuela de vanguardia para estudiantes del programa DREAM. Cuenta con un gimnasio de tama\u00f1o reglamentario, una biblioteca estilo catedral, un patio dedicado a las disciplinas STEAM y un espacio de juegos en la azotea. Adem\u00e1s, el edificio dispone de dos comedores y una cocina totalmente equipada que permitir\u00e1 impartir un programa de comidas preparadas con ingredientes frescos.<\/p>\n<p>Mientras que los estudiantes de DREAM Charter High School <a href=\"http:\/\/blog.wearedream.org\/20-bruckner-dream-charter-high-school\/\">se mudaron al edificio<\/a> A principios de este mes, las escuelas primarias y secundarias DREAM Mott Haven se instalar\u00e1n en el edificio a partir del oto\u00f1o de 2023. Con el tiempo, el edificio de 20 Bruckner dar\u00e1 servicio a aproximadamente 1300 estudiantes de la ciudad de Nueva York y sus familias.<\/p>\n<p>\u201cDREAM lleva 31 a\u00f1os en funcionamiento, y su impacto generacional es parte de lo que la hace tan especial\u201d, dijo Alex Ruiz, Jr., una leyenda de DREAM que ahora trabaja como coordinador de \u00e9xito postsecundario de la organizaci\u00f3n. \u201cTenemos exalumnos que crecen y env\u00edan a sus hijos a la Escuela Ch\u00e1rter DREAM, o que, como yo, regresan y trabajan aqu\u00ed. As\u00ed que hoy, al inaugurar oficialmente esta hermosa escuela nueva, quiero reconocer ese impacto y c\u00f3mo puede transformar una vida, una familia y una comunidad. S\u00e9 que lo hizo por m\u00ed y por los m\u00edos\u201d.\u201d<\/p>\n<p>Puedes ver m\u00e1s detalles sobre la inauguraci\u00f3n del 20.\u00ba aniversario de DREAM en el Bruckner Center en los siguientes v\u00eddeos de prensa, y ver el v\u00eddeo resumen a continuaci\u00f3n.<\/p>\n<p><strong>En las noticias:<\/strong><\/p>\n<ul>\n<li>NY1 Noticias, <a href=\"https:\/\/www.ny1noticias.com\/nyc\/noticias\/noticias\/2023\/01\/19\/inauguran-escuela-dream-charter-en-el-bronx\">\u201cLa escuela ch\u00e1rter DREAM abre sus puertas en el Bronx\u201d<\/a> (19 de enero de 2023)<\/li>\n<li>News12 El Bronx, <a href=\"https:\/\/drive.google.com\/file\/d\/1CahDhAiG2jZduLxse5piF53XjET1zuR0\/view?usp=share_link\">\u201cEl estado de nuestras escuelas\u201d<\/a> (19 de enero de 2023)<\/li>\n<li>muchos, <a href=\"https:\/\/www.amny.com\/news\/south-bronx-dream-charter-school-expansion\/\">\u201cNueva escuela en una manzana del sur del Bronx: DREAM Charter School presenta la ampliaci\u00f3n de su campus para estudiantes de primaria y secundaria en Mott Haven\u201d<\/a> (20 de enero de 2023)<\/li>\n<li>NBC Nueva York, <a href=\"https:\/\/www.nbcnewyork.com\/news\/learning-in-new-state-of-the-art-school\/4059314\/\">\u201cAprendizaje en una escuela nueva y vanguardista\u201d<\/a> (20 de enero de 2023)<\/li>\n<li>News12 El Bronx, Richard Berlin, codirector ejecutivo de DREAM, se une al equipo. <a href=\"https:\/\/bronx.news12.com\/state-of-our-schools-rich-berlin-founding-chair-and-co-ceo-of-dream-charter-school\">\u201cEl estado de nuestras escuelas\u201d<\/a> (25 de enero de 2023, el v\u00eddeo comienza en el minuto 9:24)<\/li>\n<li>Blog de la Alianza Nacional para las Escuelas P\u00fablicas Ch\u00e1rter, <a href=\"https:\/\/www.publiccharters.org\/latest-news\/2023\/01\/27\/moving-dreams-turned-reality?utm_campaign=Weekly%20Brief&amp;utm_medium=email&amp;_hsmi=243647518&amp;_hsenc=p2ANqtz-93vWl8GBkTsvLiVY3Jk9xDrxnBDT4-I7fMVHFriUY0EYqtGqO4Hm_W61EK0VxItNQvFuEjESPDZJk0kl8TwQCgJqRdjw&amp;utm_content=243647518&amp;utm_source=hs_email\">\u201cMudanza: Sue\u00f1os convertidos en realidad\u201d<\/a> (27 de enero de 2023)<\/li>\n<li>El Bronx Free Press, <a href=\"https:\/\/thebronxfreepress.com\/our-children-deserve-this-space-nuestros-hijos-merecen-este-espacio\/\">\u201cNuestros hijos merecen este espacio\u201d<\/a> (28 de enero de 2023)<\/li>\n<li>BronxNet, <a href=\"https:\/\/www.bronxnet.org\/watch\/videos\/16766\/\">\u201cInauguraci\u00f3n de la escuela ch\u00e1rter DREAM\u201d<\/a> (31 de enero de 2023)<\/li>\n<\/ul>\n<p><iframe loading=\"lazy\" title=\"Ceremonia de inauguraci\u00f3n del 20.\u00ba Centro DREAM en Bruckner | 19 de enero de 2023\" width=\"640\" height=\"360\" src=\"https:\/\/www.youtube.com\/embed\/xO5rQ2647h8?feature=oembed\" frameborder=\"0\" allow=\"accelerometer; autoplay; clipboard-write; encrypted-media; gyroscope; picture-in-picture; web-share\" referrerpolicy=\"strict-origin-when-cross-origin\" allowfullscreen><\/iframe><\/p>","protected":false},"excerpt":{"rendered":"<p>El 19 de enero se produjo una especie de reencuentro, ya que los l\u00edderes, el personal, los exalumnos, los amigos y los partidarios de larga data de DREAM llenaron el Ala de Artes del <\/p>","protected":false},"author":12,"featured_media":6880,"template":"","format":"standard","meta":{"_acf_changed":false,"inline_featured_image":false,"footnotes":""},"categories":[20],"tags":[],"class_list":["post-5987","blog","type-blog","status-publish","format-standard","has-post-thumbnail","hentry","category-beyond-the-bell"],"acf":[],"yoast_head":"<!-- This site is optimized with the Yoast SEO plugin v27.3 - https:\/\/yoast.com\/product\/yoast-seo-wordpress\/ -->\n<title>Opening Ceremony: DREAM&#039;s Official Ribbon Cutting for 20 Bruckner &#8211; DREAM<\/title>\n<meta name=\"description\" content=\"It was a bit of a reunion on January 19, as DREAM leadership, staff, alumni, friends, and longtime supporters packed the Art Wing of the organization&#039;s new home at 20 Bruckner Boulevard to officially open the building and further solidify DREAM&#039;s roots in the South Bronx.\" \/>\n<meta name=\"robots\" content=\"index, follow, max-snippet:-1, max-image-preview:large, max-video-preview:-1\" \/>\n<link rel=\"canonical\" href=\"https:\/\/wearedream.org\/es\/blog\/ribbon-cutting-20-bruckner\/\" \/>\n<meta property=\"og:locale\" content=\"es_MX\" \/>\n<meta property=\"og:type\" content=\"article\" \/>\n<meta property=\"og:title\" content=\"Opening Ceremony: DREAM&#039;s Official Ribbon Cutting for 20 Bruckner &#8211; DREAM\" \/>\n<meta property=\"og:description\" content=\"It was a bit of a reunion on January 19, as DREAM leadership, staff, alumni, friends, and longtime supporters packed the Art Wing of the organization&#039;s new home at 20 Bruckner Boulevard to officially open the building and further solidify DREAM&#039;s roots in the South Bronx.\" \/>\n<meta property=\"og:url\" content=\"https:\/\/wearedream.org\/es\/blog\/ribbon-cutting-20-bruckner\/\" \/>\n<meta property=\"og:site_name\" content=\"DREAM\" \/>\n<meta property=\"article:publisher\" content=\"https:\/\/www.facebook.com\/wearedreamorg\" \/>\n<meta property=\"article:modified_time\" content=\"2026-03-25T22:35:13+00:00\" \/>\n<meta property=\"og:image\" content=\"https:\/\/wearedream.org\/wp-content\/uploads\/2023\/01\/ribbon-cutting-blog-scaled-2.jpg\" \/>\n\t<meta property=\"og:image:width\" content=\"2560\" \/>\n\t<meta property=\"og:image:height\" content=\"1288\" \/>\n\t<meta property=\"og:image:type\" content=\"image\/jpeg\" \/>\n<meta name=\"twitter:card\" content=\"summary_large_image\" \/>\n<meta name=\"twitter:site\" content=\"@wearedream\" \/>\n<meta name=\"twitter:label1\" content=\"Tiempo de lectura\" \/>\n\t<meta name=\"twitter:data1\" content=\"3 minutos\" \/>\n<script type=\"application\/ld+json\" class=\"yoast-schema-graph\">{\"@context\":\"https:\\\/\\\/schema.org\",\"@graph\":[{\"@type\":\"WebPage\",\"@id\":\"https:\\\/\\\/wearedream.org\\\/blog\\\/ribbon-cutting-20-bruckner\\\/\",\"url\":\"https:\\\/\\\/wearedream.org\\\/blog\\\/ribbon-cutting-20-bruckner\\\/\",\"name\":\"Opening Ceremony: DREAM's Official Ribbon Cutting for 20 Bruckner &#8211; DREAM\",\"isPartOf\":{\"@id\":\"https:\\\/\\\/wearedream.org\\\/#website\"},\"primaryImageOfPage\":{\"@id\":\"https:\\\/\\\/wearedream.org\\\/blog\\\/ribbon-cutting-20-bruckner\\\/#primaryimage\"},\"image\":{\"@id\":\"https:\\\/\\\/wearedream.org\\\/blog\\\/ribbon-cutting-20-bruckner\\\/#primaryimage\"},\"thumbnailUrl\":\"https:\\\/\\\/wearedream.org\\\/wp-content\\\/uploads\\\/2023\\\/01\\\/ribbon-cutting-blog-scaled-2.jpg\",\"datePublished\":\"2023-01-26T21:00:18+00:00\",\"dateModified\":\"2026-03-25T22:35:13+00:00\",\"description\":\"It was a bit of a reunion on January 19, as DREAM leadership, staff, alumni, friends, and longtime supporters packed the Art Wing of the organization's new home at 20 Bruckner Boulevard to officially open the building and further solidify DREAM's roots in the South Bronx.\",\"breadcrumb\":{\"@id\":\"https:\\\/\\\/wearedream.org\\\/blog\\\/ribbon-cutting-20-bruckner\\\/#breadcrumb\"},\"inLanguage\":\"es-MX\",\"potentialAction\":[{\"@type\":\"ReadAction\",\"target\":[\"https:\\\/\\\/wearedream.org\\\/blog\\\/ribbon-cutting-20-bruckner\\\/\"]}]},{\"@type\":\"ImageObject\",\"inLanguage\":\"es-MX\",\"@id\":\"https:\\\/\\\/wearedream.org\\\/blog\\\/ribbon-cutting-20-bruckner\\\/#primaryimage\",\"url\":\"https:\\\/\\\/wearedream.org\\\/wp-content\\\/uploads\\\/2023\\\/01\\\/ribbon-cutting-blog-scaled-2.jpg\",\"contentUrl\":\"https:\\\/\\\/wearedream.org\\\/wp-content\\\/uploads\\\/2023\\\/01\\\/ribbon-cutting-blog-scaled-2.jpg\",\"width\":2560,\"height\":1288},{\"@type\":\"BreadcrumbList\",\"@id\":\"https:\\\/\\\/wearedream.org\\\/blog\\\/ribbon-cutting-20-bruckner\\\/#breadcrumb\",\"itemListElement\":[{\"@type\":\"ListItem\",\"position\":1,\"name\":\"Home\",\"item\":\"https:\\\/\\\/wearedream.org\\\/\"},{\"@type\":\"ListItem\",\"position\":2,\"name\":\"Blogs\",\"item\":\"https:\\\/\\\/wearedream.org\\\/blog\\\/\"},{\"@type\":\"ListItem\",\"position\":3,\"name\":\"Opening Ceremony: DREAM&#8217;s Official Ribbon Cutting for 20 Bruckner\"}]},{\"@type\":\"WebSite\",\"@id\":\"https:\\\/\\\/wearedream.org\\\/#website\",\"url\":\"https:\\\/\\\/wearedream.org\\\/\",\"name\":\"DREAM\",\"description\":\"Play - Learn - Grow\",\"publisher\":{\"@id\":\"https:\\\/\\\/wearedream.org\\\/#organization\"},\"potentialAction\":[{\"@type\":\"SearchAction\",\"target\":{\"@type\":\"EntryPoint\",\"urlTemplate\":\"https:\\\/\\\/wearedream.org\\\/?s={search_term_string}\"},\"query-input\":{\"@type\":\"PropertyValueSpecification\",\"valueRequired\":true,\"valueName\":\"search_term_string\"}}],\"inLanguage\":\"es-MX\"},{\"@type\":\"Organization\",\"@id\":\"https:\\\/\\\/wearedream.org\\\/#organization\",\"name\":\"DREAM\",\"url\":\"https:\\\/\\\/wearedream.org\\\/\",\"logo\":{\"@type\":\"ImageObject\",\"inLanguage\":\"es-MX\",\"@id\":\"https:\\\/\\\/wearedream.org\\\/#\\\/schema\\\/logo\\\/image\\\/\",\"url\":\"https:\\\/\\\/wearedream.org\\\/wp-content\\\/uploads\\\/2021\\\/07\\\/logo.svg\",\"contentUrl\":\"https:\\\/\\\/wearedream.org\\\/wp-content\\\/uploads\\\/2021\\\/07\\\/logo.svg\",\"width\":1,\"height\":1,\"caption\":\"DREAM\"},\"image\":{\"@id\":\"https:\\\/\\\/wearedream.org\\\/#\\\/schema\\\/logo\\\/image\\\/\"},\"sameAs\":[\"https:\\\/\\\/www.facebook.com\\\/wearedreamorg\",\"https:\\\/\\\/x.com\\\/wearedream\",\"https:\\\/\\\/www.instagram.com\\\/wearedream\\\/\",\"https:\\\/\\\/www.linkedin.com\\\/company\\\/wearedream\\\/\"]}]}<\/script>\n<!-- \/ Yoast SEO plugin. -->","yoast_head_json":{"title":"Ceremonia de inauguraci\u00f3n: Corte de cinta oficial de DREAM para 20 Bruckner \u2013 DREAM","description":"El 19 de enero se vivi\u00f3 una especie de reencuentro, ya que los l\u00edderes, el personal, los exalumnos, los amigos y los simpatizantes de larga data de DREAM llenaron el ala de arte de la nueva sede de la organizaci\u00f3n en 20 Bruckner Boulevard para inaugurar oficialmente el edificio y consolidar a\u00fan m\u00e1s las ra\u00edces de DREAM en el sur del Bronx.","robots":{"index":"index","follow":"follow","max-snippet":"max-snippet:-1","max-image-preview":"max-image-preview:large","max-video-preview":"max-video-preview:-1"},"canonical":"https:\/\/wearedream.org\/es\/blog\/ribbon-cutting-20-bruckner\/","og_locale":"es_MX","og_type":"article","og_title":"Opening Ceremony: DREAM's Official Ribbon Cutting for 20 Bruckner &#8211; DREAM","og_description":"It was a bit of a reunion on January 19, as DREAM leadership, staff, alumni, friends, and longtime supporters packed the Art Wing of the organization's new home at 20 Bruckner Boulevard to officially open the building and further solidify DREAM's roots in the South Bronx.","og_url":"https:\/\/wearedream.org\/es\/blog\/ribbon-cutting-20-bruckner\/","og_site_name":"DREAM","article_publisher":"https:\/\/www.facebook.com\/wearedreamorg","article_modified_time":"2026-03-25T22:35:13+00:00","og_image":[{"width":2560,"height":1288,"url":"https:\/\/wearedream.org\/wp-content\/uploads\/2023\/01\/ribbon-cutting-blog-scaled-2.jpg","type":"image\/jpeg"}],"twitter_card":"summary_large_image","twitter_site":"@wearedream","twitter_misc":{"Tiempo de lectura":"3 minutos"},"schema":{"@context":"https:\/\/schema.org","@graph":[{"@type":"WebPage","@id":"https:\/\/wearedream.org\/blog\/ribbon-cutting-20-bruckner\/","url":"https:\/\/wearedream.org\/blog\/ribbon-cutting-20-bruckner\/","name":"Ceremonia de inauguraci\u00f3n: Corte de cinta oficial de DREAM para 20 Bruckner \u2013 DREAM","isPartOf":{"@id":"https:\/\/wearedream.org\/#website"},"primaryImageOfPage":{"@id":"https:\/\/wearedream.org\/blog\/ribbon-cutting-20-bruckner\/#primaryimage"},"image":{"@id":"https:\/\/wearedream.org\/blog\/ribbon-cutting-20-bruckner\/#primaryimage"},"thumbnailUrl":"https:\/\/wearedream.org\/wp-content\/uploads\/2023\/01\/ribbon-cutting-blog-scaled-2.jpg","datePublished":"2023-01-26T21:00:18+00:00","dateModified":"2026-03-25T22:35:13+00:00","description":"El 19 de enero se vivi\u00f3 una especie de reencuentro, ya que los l\u00edderes, el personal, los exalumnos, los amigos y los simpatizantes de larga data de DREAM llenaron el ala de arte de la nueva sede de la organizaci\u00f3n en 20 Bruckner Boulevard para inaugurar oficialmente el edificio y consolidar a\u00fan m\u00e1s las ra\u00edces de DREAM en el sur del Bronx.","breadcrumb":{"@id":"https:\/\/wearedream.org\/blog\/ribbon-cutting-20-bruckner\/#breadcrumb"},"inLanguage":"es-MX","potentialAction":[{"@type":"ReadAction","target":["https:\/\/wearedream.org\/blog\/ribbon-cutting-20-bruckner\/"]}]},{"@type":"ImageObject","inLanguage":"es-MX","@id":"https:\/\/wearedream.org\/blog\/ribbon-cutting-20-bruckner\/#primaryimage","url":"https:\/\/wearedream.org\/wp-content\/uploads\/2023\/01\/ribbon-cutting-blog-scaled-2.jpg","contentUrl":"https:\/\/wearedream.org\/wp-content\/uploads\/2023\/01\/ribbon-cutting-blog-scaled-2.jpg","width":2560,"height":1288},{"@type":"BreadcrumbList","@id":"https:\/\/wearedream.org\/blog\/ribbon-cutting-20-bruckner\/#breadcrumb","itemListElement":[{"@type":"ListItem","position":1,"name":"Home","item":"https:\/\/wearedream.org\/"},{"@type":"ListItem","position":2,"name":"Blogs","item":"https:\/\/wearedream.org\/blog\/"},{"@type":"ListItem","position":3,"name":"Opening Ceremony: DREAM&#8217;s Official Ribbon Cutting for 20 Bruckner"}]},{"@type":"WebSite","@id":"https:\/\/wearedream.org\/#website","url":"https:\/\/wearedream.org\/","name":"Verano de DREAM","description":"Jugar - Aprender - Crecer","publisher":{"@id":"https:\/\/wearedream.org\/#organization"},"potentialAction":[{"@type":"SearchAction","target":{"@type":"EntryPoint","urlTemplate":"https:\/\/wearedream.org\/?s={search_term_string}"},"query-input":{"@type":"PropertyValueSpecification","valueRequired":true,"valueName":"search_term_string"}}],"inLanguage":"es-MX"},{"@type":"Organization","@id":"https:\/\/wearedream.org\/#organization","name":"Verano de DREAM","url":"https:\/\/wearedream.org\/","logo":{"@type":"ImageObject","inLanguage":"es-MX","@id":"https:\/\/wearedream.org\/#\/schema\/logo\/image\/","url":"https:\/\/wearedream.org\/wp-content\/uploads\/2021\/07\/logo.svg","contentUrl":"https:\/\/wearedream.org\/wp-content\/uploads\/2021\/07\/logo.svg","width":1,"height":1,"caption":"DREAM"},"image":{"@id":"https:\/\/wearedream.org\/#\/schema\/logo\/image\/"},"sameAs":["https:\/\/www.facebook.com\/wearedreamorg","https:\/\/x.com\/wearedream","https:\/\/www.instagram.com\/wearedream\/","https:\/\/www.linkedin.com\/company\/wearedream\/"]}]}},"_links":{"self":[{"href":"https:\/\/wearedream.org\/es\/wp-json\/wp\/v2\/blog\/5987","targetHints":{"allow":["GET"]}}],"collection":[{"href":"https:\/\/wearedream.org\/es\/wp-json\/wp\/v2\/blog"}],"about":[{"href":"https:\/\/wearedream.org\/es\/wp-json\/wp\/v2\/types\/blog"}],"author":[{"embeddable":true,"href":"https:\/\/wearedream.org\/es\/wp-json\/wp\/v2\/users\/12"}],"version-history":[{"count":0,"href":"https:\/\/wearedream.org\/es\/wp-json\/wp\/v2\/blog\/5987\/revisions"}],"wp:featuredmedia":[{"embeddable":true,"href":"https:\/\/wearedream.org\/es\/wp-json\/wp\/v2\/media\/6880"}],"wp:attachment":[{"href":"https:\/\/wearedream.org\/es\/wp-json\/wp\/v2\/media?parent=5987"}],"wp:term":[{"taxonomy":"category","embeddable":true,"href":"https:\/\/wearedream.org\/es\/wp-json\/wp\/v2\/categories?post=5987"},{"taxonomy":"post_tag","embeddable":true,"href":"https:\/\/wearedream.org\/es\/wp-json\/wp\/v2\/tags?post=5987"}],"curies":[{"name":"gracias","href":"https:\/\/api.w.org\/{rel}","templated":true}]}}