{"id":777,"date":"2022-06-09T16:32:03","date_gmt":"2022-06-09T16:32:03","guid":{"rendered":"https:\/\/blog.wearedream.org\/?p=777"},"modified":"2026-03-25T18:40:30","modified_gmt":"2026-03-25T22:40:30","slug":"a-path-to-the-classroom-dreams-new-teaching-fellowship","status":"publish","type":"blog","link":"https:\/\/wearedream.org\/es\/blog\/a-path-to-the-classroom-dreams-new-teaching-fellowship\/","title":{"rendered":"Un camino hacia el aula: la nueva beca de docencia de DREAM"},"content":{"rendered":"<p>En sus m\u00e1s de 30 a\u00f1os de trayectoria, el objetivo de DREAM siempre ha sido el mismo: encontrar las mejores maneras de apoyar a los ni\u00f1os y las comunidades a las que servimos. Ya sea a trav\u00e9s de nuestra red de escuelas p\u00fablicas aut\u00f3nomas, nuestros programas extraescolares y de verano, o nuestros programas de educaci\u00f3n superior para graduados de DREAM, DREAM innova constantemente para satisfacer las necesidades m\u00e1s urgentes de nuestras comunidades.<\/p>\n<p>Hoy, mientras el sector educativo se enfrenta a tantos obst\u00e1culos imprevistos, DREAM se adapta y expande una vez m\u00e1s para lanzar el Programa de Becas de Ense\u00f1anza DREAM, una iniciativa que impulsar\u00e1 las carreras docentes de los exalumnos de DREAM (llamados Leyendas) y del personal temporal que trabaja directamente con j\u00f3venes, al tiempo que crea oportunidades de liderazgo y desarrollo dentro del aula para profesores altamente eficaces.<\/p>\n<p>El programa de becas de ense\u00f1anza, un puesto remunerado a tiempo completo con una duraci\u00f3n de 12 meses, no solo ampliar\u00e1 la inversi\u00f3n intergeneracional de DREAM en las comunidades a las que servimos, sino que tambi\u00e9n aumentar\u00e1 la capacidad de DREAM para ofrecer v\u00edas hacia el \u00e9xito a quienes ya forman parte de la familia DREAM.<\/p>\n<p>\u201cLa importancia de formar docentes y l\u00edderes que se parezcan a nuestros estudiantes y provengan de sus comunidades es innegable\u201d, afirm\u00f3 Eve Colavito, codirectora ejecutiva de DREAM. \u201cEn un momento en que la educaci\u00f3n enfrenta tantos desaf\u00edos sin precedentes, queremos brindar a nuestros estudiantes los mejores entornos para aprender y crecer, y ofrecerles modelos a seguir que les sirvan de inspiraci\u00f3n. Adem\u00e1s, queremos brindar a nuestros exalumnos y miembros del personal la oportunidad de alcanzar sus sue\u00f1os y convertirse en los l\u00edderes que todos sabemos que pueden ser. El Programa de Becas de Ense\u00f1anza de DREAM es una iniciativa que tendr\u00e1 un gran impacto en muchas vidas y nos ayudar\u00e1 a seguir impulsando la labor de DREAM\u201d.\u201d<\/p>\n<p>Como parte del programa de becas, los docentes becarios trabajar\u00e1n en un aula DREAM bajo la gu\u00eda de un profesor mentor, participando en una experiencia grupal que impulsar\u00e1 su desarrollo. Recibir\u00e1n retroalimentaci\u00f3n y capacitaci\u00f3n peri\u00f3dicas, a la vez que desarrollan las habilidades necesarias para gestionar un aula, dirigir la instrucci\u00f3n e involucrar de manera significativa a estudiantes y familias.<\/p>\n<blockquote>\n<h3>\u201cNuestros primeros becarios de ense\u00f1anza se inspiraron para convertirse en maestros gracias a su experiencia con DREAM y a su deseo de contribuir y tener un impacto en sus comunidades, en un momento en que muchos est\u00e1n abandonando las aulas.\u201d<\/h3>\n<p><em>Ana Rader, Gerente S\u00e9nior de Reclutamiento de Personal de Temporada y Becarios<\/em><\/p><\/blockquote>\n<p>Gracias a una generosa beca de DREAM, los becarios docentes tambi\u00e9n trabajar\u00e1n para obtener la certificaci\u00f3n docente del estado de Nueva York y una maestr\u00eda en ense\u00f1anza de la Relay Graduate School of Education. Dado que la iniciativa est\u00e1 dise\u00f1ada para facilitar el acceso a las aulas de DREAM a futuros educadores de las comunidades a las que sirve DREAM, todos los becarios docentes se comprometen a ense\u00f1ar en DREAM durante al menos tres a\u00f1os despu\u00e9s de finalizar la beca.<\/p>\n<p>\u201cNos enorgullece lanzar esta nueva iniciativa para DREAM, que refuerza nuestro compromiso de servir no solo a nuestros estudiantes, sino tambi\u00e9n a nuestra comunidad en general\u201d, declar\u00f3 Ana Rader, Gerente S\u00e9nior de Reclutamiento de Personal de Temporada y Becas de DREAM, quien supervisa y contribuy\u00f3 a la creaci\u00f3n del Programa de Becas de Ense\u00f1anza. \u201cEste programa refleja muchas de las prioridades organizacionales de DREAM, como la diversidad del personal, el desarrollo del liderazgo, la mentor\u00eda y el aumento de las oportunidades profesionales, todo ello en consonancia con nuestra misi\u00f3n de equidad educativa\u201d.\u201d<\/p>\n<p>El lanzamiento del Programa de Becas de Ense\u00f1anza DREAM es un pilar fundamental del Compromiso de la organizaci\u00f3n con la Diversidad, la Equidad y la Inclusi\u00f3n, que se centra en tres \u00e1reas: garantizar la igualdad de oportunidades, fomentar y desarrollar un equipo diverso y enriquecer la experiencia estudiantil. Adem\u00e1s de aumentar las oportunidades disponibles para los exalumnos y el personal a tiempo parcial de DREAM, tambi\u00e9n crea un camino estructurado para que accedan a puestos docentes a tiempo completo en DREAM, as\u00ed como oportunidades adicionales de liderazgo para los profesores mentores.<\/p>\n<p>\u201cNuestros primeros becarios docentes se inspiraron para convertirse en maestros gracias a su experiencia con DREAM y su deseo de contribuir y generar un impacto en sus comunidades, en un momento en que muchos abandonan las aulas\u201d, dijo Rader. \u201cEn DREAM somos plenamente conscientes de la cantidad de oportunidades que esto abre y del efecto multiplicador que tendr\u00e1 en la organizaci\u00f3n a medida que crezca\u201d.\u201d<\/p>\n<p>La primera promoci\u00f3n del programa de becas de ense\u00f1anza DREAM comenzar\u00e1 oficialmente este mes de julio con cursos en Relay. Los becarios comenzar\u00e1n a trabajar en las aulas que les han sido asignadas al inicio del a\u00f1o acad\u00e9mico 2022-23.<\/p>\n<p><strong><em>Cohorte del programa de becas de ense\u00f1anza 2022-23 de DREAM<\/em><\/strong><\/p>\n<p><strong>Kim Crawford (Ex empleada a tiempo parcial del programa REAL Kids &amp; Athletics, Salud y Bienestar)<\/strong><br \/>\nLugar de pr\u00e1cticas de la beca: Escuela Primaria DREAM Mott Haven<br \/>\nProfesora mentora: Aminata Waggeh, 2.\u00ba grado<\/p>\n<p><strong>Nicholas Feliz (Leyenda de DREAM y suplente permanente de DREAM Mott Haven)<\/strong><br \/>\nLugar de pr\u00e1cticas de la beca: Escuela Secundaria DREAM Mott Haven<br \/>\nProfesora mentora: Antione Boardraye, Estudios Sociales<\/p>\n<p><strong>Brandon Gordon (antiguo miembro del personal a tiempo parcial del programa REAL Kids)<\/strong><br \/>\nLugar de pr\u00e1cticas de la beca: Escuela Secundaria DREAM East Harlem<br \/>\nProfesora mentora: Quioni Phillips, especialista en aprendizaje de estudios sociales y lengua y literatura.<\/p>\n<p><strong>Jenia Reyes (Leyenda de DREAM y exmiembro del personal del programa a tiempo parcial)<\/strong><br \/>\nLugar de pr\u00e1cticas de la beca: Escuela Primaria DREAM East Harlem<br \/>\nProfesora mentora: Jennifer Negron, 5.\u00ba grado<\/p>\n<p><strong>Matthew Sierra (Leyenda de DREAM y antiguo miembro del personal del programa a tiempo parcial)<\/strong><br \/>\nLugar de pr\u00e1cticas de la beca: DREAM Charter High School<br \/>\nProfesor mentor: Adrian Lopez, especialista en aprendizaje sobre medio ambiente vivo e historia global.<\/p>\n<p><a href=\"https:\/\/wearedream.org\/es\/join-the-dream-team\/\"><img loading=\"lazy\" decoding=\"async\" class=\"aligncenter size-full wp-image-974\" src=\"http:\/\/blog.wearedream.org\/wp-content\/uploads\/2023\/02\/Screen-Shot-2023-05-24-at-11.01.25-AM.png\" alt=\"\" width=\"583\" height=\"73\" srcset=\"https:\/\/wearedream.org\/wp-content\/uploads\/2023\/02\/Screen-Shot-2023-05-24-at-11.01.25-AM.png 583w, https:\/\/wearedream.org\/wp-content\/uploads\/2023\/02\/Screen-Shot-2023-05-24-at-11.01.25-AM-300x38.png 300w, https:\/\/wearedream.org\/wp-content\/uploads\/2023\/02\/Screen-Shot-2023-05-24-at-11.01.25-AM-18x2.png 18w\" sizes=\"auto, (max-width: 583px) 100vw, 583px\" \/><\/a><\/p>","protected":false},"excerpt":{"rendered":"<p>En m\u00e1s de 30 a\u00f1os como organizaci\u00f3n, el objetivo de DREAM siempre ha sido el mismo: encontrar las mejores maneras de apoyar a los ni\u00f1os y <\/p>","protected":false},"author":12,"featured_media":780,"template":"","format":"standard","meta":{"_acf_changed":false,"inline_featured_image":false,"footnotes":""},"categories":[29,24],"tags":[],"class_list":["post-777","blog","type-blog","status-publish","format-standard","has-post-thumbnail","hentry","category-featured","category-learning-in-action"],"acf":[],"yoast_head":"<!-- This site is optimized with the Yoast SEO plugin v27.3 - https:\/\/yoast.com\/product\/yoast-seo-wordpress\/ -->\n<title>A Path to the Classroom: DREAM\u2019s New Teaching Fellowship &#8211; DREAM<\/title>\n<meta name=\"robots\" content=\"index, follow, max-snippet:-1, max-image-preview:large, max-video-preview:-1\" \/>\n<link rel=\"canonical\" href=\"https:\/\/wearedream.org\/es\/blog\/a-path-to-the-classroom-dreams-new-teaching-fellowship\/\" \/>\n<meta property=\"og:locale\" content=\"es_MX\" \/>\n<meta property=\"og:type\" content=\"article\" \/>\n<meta property=\"og:title\" content=\"A Path to the Classroom: DREAM\u2019s New Teaching Fellowship &#8211; DREAM\" \/>\n<meta property=\"og:description\" content=\"In more than 30 years as an organization, DREAM\u2019s goal has always remained the same: to find the best ways to support the children and\" \/>\n<meta property=\"og:url\" content=\"https:\/\/wearedream.org\/es\/blog\/a-path-to-the-classroom-dreams-new-teaching-fellowship\/\" \/>\n<meta property=\"og:site_name\" content=\"DREAM\" \/>\n<meta property=\"article:publisher\" content=\"https:\/\/www.facebook.com\/wearedreamorg\" \/>\n<meta property=\"article:modified_time\" content=\"2026-03-25T22:40:30+00:00\" \/>\n<meta property=\"og:image\" content=\"https:\/\/wearedream.org\/wp-content\/uploads\/2022\/06\/DREAM-Teaching-Fellowship-Launch-Twitter.png\" \/>\n\t<meta property=\"og:image:width\" content=\"1600\" \/>\n\t<meta property=\"og:image:height\" content=\"900\" \/>\n\t<meta property=\"og:image:type\" content=\"image\/png\" \/>\n<meta name=\"twitter:card\" content=\"summary_large_image\" \/>\n<meta name=\"twitter:site\" content=\"@wearedream\" \/>\n<meta name=\"twitter:label1\" content=\"Tiempo de lectura\" \/>\n\t<meta name=\"twitter:data1\" content=\"4 minutos\" \/>\n<script type=\"application\/ld+json\" class=\"yoast-schema-graph\">{\"@context\":\"https:\\\/\\\/schema.org\",\"@graph\":[{\"@type\":\"WebPage\",\"@id\":\"https:\\\/\\\/wearedream.org\\\/blog\\\/a-path-to-the-classroom-dreams-new-teaching-fellowship\\\/\",\"url\":\"https:\\\/\\\/wearedream.org\\\/blog\\\/a-path-to-the-classroom-dreams-new-teaching-fellowship\\\/\",\"name\":\"A Path to the Classroom: DREAM\u2019s New Teaching Fellowship &#8211; DREAM\",\"isPartOf\":{\"@id\":\"https:\\\/\\\/wearedream.org\\\/#website\"},\"primaryImageOfPage\":{\"@id\":\"https:\\\/\\\/wearedream.org\\\/blog\\\/a-path-to-the-classroom-dreams-new-teaching-fellowship\\\/#primaryimage\"},\"image\":{\"@id\":\"https:\\\/\\\/wearedream.org\\\/blog\\\/a-path-to-the-classroom-dreams-new-teaching-fellowship\\\/#primaryimage\"},\"thumbnailUrl\":\"https:\\\/\\\/wearedream.org\\\/wp-content\\\/uploads\\\/2022\\\/06\\\/DREAM-Teaching-Fellowship-Launch-Twitter.png\",\"datePublished\":\"2022-06-09T16:32:03+00:00\",\"dateModified\":\"2026-03-25T22:40:30+00:00\",\"breadcrumb\":{\"@id\":\"https:\\\/\\\/wearedream.org\\\/blog\\\/a-path-to-the-classroom-dreams-new-teaching-fellowship\\\/#breadcrumb\"},\"inLanguage\":\"es-MX\",\"potentialAction\":[{\"@type\":\"ReadAction\",\"target\":[\"https:\\\/\\\/wearedream.org\\\/blog\\\/a-path-to-the-classroom-dreams-new-teaching-fellowship\\\/\"]}]},{\"@type\":\"ImageObject\",\"inLanguage\":\"es-MX\",\"@id\":\"https:\\\/\\\/wearedream.org\\\/blog\\\/a-path-to-the-classroom-dreams-new-teaching-fellowship\\\/#primaryimage\",\"url\":\"https:\\\/\\\/wearedream.org\\\/wp-content\\\/uploads\\\/2022\\\/06\\\/DREAM-Teaching-Fellowship-Launch-Twitter.png\",\"contentUrl\":\"https:\\\/\\\/wearedream.org\\\/wp-content\\\/uploads\\\/2022\\\/06\\\/DREAM-Teaching-Fellowship-Launch-Twitter.png\",\"width\":1600,\"height\":900},{\"@type\":\"BreadcrumbList\",\"@id\":\"https:\\\/\\\/wearedream.org\\\/blog\\\/a-path-to-the-classroom-dreams-new-teaching-fellowship\\\/#breadcrumb\",\"itemListElement\":[{\"@type\":\"ListItem\",\"position\":1,\"name\":\"Home\",\"item\":\"https:\\\/\\\/wearedream.org\\\/\"},{\"@type\":\"ListItem\",\"position\":2,\"name\":\"Blogs\",\"item\":\"https:\\\/\\\/wearedream.org\\\/blog\\\/\"},{\"@type\":\"ListItem\",\"position\":3,\"name\":\"A Path to the Classroom: DREAM\u2019s New Teaching Fellowship\"}]},{\"@type\":\"WebSite\",\"@id\":\"https:\\\/\\\/wearedream.org\\\/#website\",\"url\":\"https:\\\/\\\/wearedream.org\\\/\",\"name\":\"DREAM\",\"description\":\"Play - Learn - Grow\",\"publisher\":{\"@id\":\"https:\\\/\\\/wearedream.org\\\/#organization\"},\"potentialAction\":[{\"@type\":\"SearchAction\",\"target\":{\"@type\":\"EntryPoint\",\"urlTemplate\":\"https:\\\/\\\/wearedream.org\\\/?s={search_term_string}\"},\"query-input\":{\"@type\":\"PropertyValueSpecification\",\"valueRequired\":true,\"valueName\":\"search_term_string\"}}],\"inLanguage\":\"es-MX\"},{\"@type\":\"Organization\",\"@id\":\"https:\\\/\\\/wearedream.org\\\/#organization\",\"name\":\"DREAM\",\"url\":\"https:\\\/\\\/wearedream.org\\\/\",\"logo\":{\"@type\":\"ImageObject\",\"inLanguage\":\"es-MX\",\"@id\":\"https:\\\/\\\/wearedream.org\\\/#\\\/schema\\\/logo\\\/image\\\/\",\"url\":\"https:\\\/\\\/wearedream.org\\\/wp-content\\\/uploads\\\/2021\\\/07\\\/logo.svg\",\"contentUrl\":\"https:\\\/\\\/wearedream.org\\\/wp-content\\\/uploads\\\/2021\\\/07\\\/logo.svg\",\"width\":1,\"height\":1,\"caption\":\"DREAM\"},\"image\":{\"@id\":\"https:\\\/\\\/wearedream.org\\\/#\\\/schema\\\/logo\\\/image\\\/\"},\"sameAs\":[\"https:\\\/\\\/www.facebook.com\\\/wearedreamorg\",\"https:\\\/\\\/x.com\\\/wearedream\",\"https:\\\/\\\/www.instagram.com\\\/wearedream\\\/\",\"https:\\\/\\\/www.linkedin.com\\\/company\\\/wearedream\\\/\"]}]}<\/script>\n<!-- \/ Yoast SEO plugin. -->","yoast_head_json":{"title":"Un camino hacia el aula: El nuevo programa de becas de ense\u00f1anza de DREAM \u2013 DREAM","robots":{"index":"index","follow":"follow","max-snippet":"max-snippet:-1","max-image-preview":"max-image-preview:large","max-video-preview":"max-video-preview:-1"},"canonical":"https:\/\/wearedream.org\/es\/blog\/a-path-to-the-classroom-dreams-new-teaching-fellowship\/","og_locale":"es_MX","og_type":"article","og_title":"A Path to the Classroom: DREAM\u2019s New Teaching Fellowship &#8211; DREAM","og_description":"In more than 30 years as an organization, DREAM\u2019s goal has always remained the same: to find the best ways to support the children and","og_url":"https:\/\/wearedream.org\/es\/blog\/a-path-to-the-classroom-dreams-new-teaching-fellowship\/","og_site_name":"DREAM","article_publisher":"https:\/\/www.facebook.com\/wearedreamorg","article_modified_time":"2026-03-25T22:40:30+00:00","og_image":[{"width":1600,"height":900,"url":"https:\/\/wearedream.org\/wp-content\/uploads\/2022\/06\/DREAM-Teaching-Fellowship-Launch-Twitter.png","type":"image\/png"}],"twitter_card":"summary_large_image","twitter_site":"@wearedream","twitter_misc":{"Tiempo de lectura":"4 minutos"},"schema":{"@context":"https:\/\/schema.org","@graph":[{"@type":"WebPage","@id":"https:\/\/wearedream.org\/blog\/a-path-to-the-classroom-dreams-new-teaching-fellowship\/","url":"https:\/\/wearedream.org\/blog\/a-path-to-the-classroom-dreams-new-teaching-fellowship\/","name":"Un camino hacia el aula: El nuevo programa de becas de ense\u00f1anza de DREAM \u2013 DREAM","isPartOf":{"@id":"https:\/\/wearedream.org\/#website"},"primaryImageOfPage":{"@id":"https:\/\/wearedream.org\/blog\/a-path-to-the-classroom-dreams-new-teaching-fellowship\/#primaryimage"},"image":{"@id":"https:\/\/wearedream.org\/blog\/a-path-to-the-classroom-dreams-new-teaching-fellowship\/#primaryimage"},"thumbnailUrl":"https:\/\/wearedream.org\/wp-content\/uploads\/2022\/06\/DREAM-Teaching-Fellowship-Launch-Twitter.png","datePublished":"2022-06-09T16:32:03+00:00","dateModified":"2026-03-25T22:40:30+00:00","breadcrumb":{"@id":"https:\/\/wearedream.org\/blog\/a-path-to-the-classroom-dreams-new-teaching-fellowship\/#breadcrumb"},"inLanguage":"es-MX","potentialAction":[{"@type":"ReadAction","target":["https:\/\/wearedream.org\/blog\/a-path-to-the-classroom-dreams-new-teaching-fellowship\/"]}]},{"@type":"ImageObject","inLanguage":"es-MX","@id":"https:\/\/wearedream.org\/blog\/a-path-to-the-classroom-dreams-new-teaching-fellowship\/#primaryimage","url":"https:\/\/wearedream.org\/wp-content\/uploads\/2022\/06\/DREAM-Teaching-Fellowship-Launch-Twitter.png","contentUrl":"https:\/\/wearedream.org\/wp-content\/uploads\/2022\/06\/DREAM-Teaching-Fellowship-Launch-Twitter.png","width":1600,"height":900},{"@type":"BreadcrumbList","@id":"https:\/\/wearedream.org\/blog\/a-path-to-the-classroom-dreams-new-teaching-fellowship\/#breadcrumb","itemListElement":[{"@type":"ListItem","position":1,"name":"Home","item":"https:\/\/wearedream.org\/"},{"@type":"ListItem","position":2,"name":"Blogs","item":"https:\/\/wearedream.org\/blog\/"},{"@type":"ListItem","position":3,"name":"A Path to the Classroom: DREAM\u2019s New Teaching Fellowship"}]},{"@type":"WebSite","@id":"https:\/\/wearedream.org\/#website","url":"https:\/\/wearedream.org\/","name":"Verano de DREAM","description":"Jugar - Aprender - Crecer","publisher":{"@id":"https:\/\/wearedream.org\/#organization"},"potentialAction":[{"@type":"SearchAction","target":{"@type":"EntryPoint","urlTemplate":"https:\/\/wearedream.org\/?s={search_term_string}"},"query-input":{"@type":"PropertyValueSpecification","valueRequired":true,"valueName":"search_term_string"}}],"inLanguage":"es-MX"},{"@type":"Organization","@id":"https:\/\/wearedream.org\/#organization","name":"Verano de DREAM","url":"https:\/\/wearedream.org\/","logo":{"@type":"ImageObject","inLanguage":"es-MX","@id":"https:\/\/wearedream.org\/#\/schema\/logo\/image\/","url":"https:\/\/wearedream.org\/wp-content\/uploads\/2021\/07\/logo.svg","contentUrl":"https:\/\/wearedream.org\/wp-content\/uploads\/2021\/07\/logo.svg","width":1,"height":1,"caption":"DREAM"},"image":{"@id":"https:\/\/wearedream.org\/#\/schema\/logo\/image\/"},"sameAs":["https:\/\/www.facebook.com\/wearedreamorg","https:\/\/x.com\/wearedream","https:\/\/www.instagram.com\/wearedream\/","https:\/\/www.linkedin.com\/company\/wearedream\/"]}]}},"_links":{"self":[{"href":"https:\/\/wearedream.org\/es\/wp-json\/wp\/v2\/blog\/777","targetHints":{"allow":["GET"]}}],"collection":[{"href":"https:\/\/wearedream.org\/es\/wp-json\/wp\/v2\/blog"}],"about":[{"href":"https:\/\/wearedream.org\/es\/wp-json\/wp\/v2\/types\/blog"}],"author":[{"embeddable":true,"href":"https:\/\/wearedream.org\/es\/wp-json\/wp\/v2\/users\/12"}],"version-history":[{"count":0,"href":"https:\/\/wearedream.org\/es\/wp-json\/wp\/v2\/blog\/777\/revisions"}],"wp:featuredmedia":[{"embeddable":true,"href":"https:\/\/wearedream.org\/es\/wp-json\/wp\/v2\/media\/780"}],"wp:attachment":[{"href":"https:\/\/wearedream.org\/es\/wp-json\/wp\/v2\/media?parent=777"}],"wp:term":[{"taxonomy":"category","embeddable":true,"href":"https:\/\/wearedream.org\/es\/wp-json\/wp\/v2\/categories?post=777"},{"taxonomy":"post_tag","embeddable":true,"href":"https:\/\/wearedream.org\/es\/wp-json\/wp\/v2\/tags?post=777"}],"curies":[{"name":"gracias","href":"https:\/\/api.w.org\/{rel}","templated":true}]}}