{"id":7005,"date":"2026-03-31T13:44:58","date_gmt":"2026-03-31T17:44:58","guid":{"rendered":"https:\/\/wearedream.org\/?p=7005"},"modified":"2026-03-31T13:47:17","modified_gmt":"2026-03-31T17:47:17","slug":"growing-teachers-from-within-the-dream-teaching-fellowship","status":"publish","type":"post","link":"https:\/\/wearedream.org\/es\/growing-teachers-from-within-the-dream-teaching-fellowship\/","title":{"rendered":"Formando docentes desde dentro: El programa de becas de ense\u00f1anza DREAM"},"content":{"rendered":"","protected":false},"excerpt":{"rendered":"","protected":false},"author":12,"featured_media":4533,"comment_status":"closed","ping_status":"closed","sticky":false,"template":"","format":"standard","meta":{"_acf_changed":false,"inline_featured_image":false,"footnotes":""},"categories":[11],"tags":[],"class_list":["post-7005","post","type-post","status-publish","format-standard","has-post-thumbnail","hentry","category-in-the-news"],"acf":[],"yoast_head":"<!-- This site is optimized with the Yoast SEO plugin v27.3 - https:\/\/yoast.com\/product\/yoast-seo-wordpress\/ -->\n<title>Growing Teachers from Within: The DREAM Teaching Fellowship &#8211; DREAM<\/title>\n<meta name=\"description\" content=\"DREAM was recently featured on the SUNY Charter Schools Institute\u2019s More Great Seats 4 Kids podcast. In this episode, Kalila Hoggard, Chief People &amp; Equity Officer, and Ana Rader, Director of Seasonal and Fellowship Recruitment, joined host Mike Lesczinski to discuss how DREAM is building sustainable teacher pipelines from within its own community.\" \/>\n<meta name=\"robots\" content=\"index, follow, max-snippet:-1, max-image-preview:large, max-video-preview:-1\" \/>\n<link rel=\"canonical\" href=\"https:\/\/wearedream.org\/es\/growing-teachers-from-within-the-dream-teaching-fellowship\/\" \/>\n<meta property=\"og:locale\" content=\"es_MX\" \/>\n<meta property=\"og:type\" content=\"article\" \/>\n<meta property=\"og:title\" content=\"Growing Teachers from Within: The DREAM Teaching Fellowship &#8211; DREAM\" \/>\n<meta property=\"og:description\" content=\"DREAM was recently featured on the SUNY Charter Schools Institute\u2019s More Great Seats 4 Kids podcast. In this episode, Kalila Hoggard, Chief People &amp; Equity Officer, and Ana Rader, Director of Seasonal and Fellowship Recruitment, joined host Mike Lesczinski to discuss how DREAM is building sustainable teacher pipelines from within its own community.\" \/>\n<meta property=\"og:url\" content=\"https:\/\/wearedream.org\/es\/growing-teachers-from-within-the-dream-teaching-fellowship\/\" \/>\n<meta property=\"og:site_name\" content=\"DREAM\" \/>\n<meta property=\"article:publisher\" content=\"https:\/\/www.facebook.com\/wearedreamorg\" \/>\n<meta property=\"article:published_time\" content=\"2026-03-31T17:44:58+00:00\" \/>\n<meta property=\"article:modified_time\" content=\"2026-03-31T17:47:17+00:00\" \/>\n<meta property=\"og:image\" content=\"https:\/\/wearedream.org\/wp-content\/uploads\/2026\/03\/600x600bb.webp\" \/>\n\t<meta property=\"og:image:width\" content=\"600\" \/>\n\t<meta property=\"og:image:height\" content=\"600\" \/>\n\t<meta property=\"og:image:type\" content=\"image\/webp\" \/>\n<meta name=\"author\" content=\"DREAM\" \/>\n<meta name=\"twitter:card\" content=\"summary_large_image\" \/>\n<meta name=\"twitter:creator\" content=\"@wearedream\" \/>\n<meta name=\"twitter:site\" content=\"@wearedream\" \/>\n<meta name=\"twitter:label1\" content=\"Escrito por\" \/>\n\t<meta name=\"twitter:data1\" content=\"DREAM\" \/>\n\t<meta name=\"twitter:label2\" content=\"Tiempo de lectura\" \/>\n\t<meta name=\"twitter:data2\" content=\"1 minuto\" \/>\n<script type=\"application\/ld+json\" class=\"yoast-schema-graph\">{\"@context\":\"https:\\\/\\\/schema.org\",\"@graph\":[{\"@type\":\"Article\",\"@id\":\"https:\\\/\\\/wearedream.org\\\/growing-teachers-from-within-the-dream-teaching-fellowship\\\/#article\",\"isPartOf\":{\"@id\":\"https:\\\/\\\/wearedream.org\\\/growing-teachers-from-within-the-dream-teaching-fellowship\\\/\"},\"author\":{\"name\":\"DREAM\",\"@id\":\"https:\\\/\\\/wearedream.org\\\/#\\\/schema\\\/person\\\/2946c1c4576ee5774bd69bafc1ac50a6\"},\"headline\":\"Growing Teachers from Within: The DREAM Teaching Fellowship\",\"datePublished\":\"2026-03-31T17:44:58+00:00\",\"dateModified\":\"2026-03-31T17:47:17+00:00\",\"mainEntityOfPage\":{\"@id\":\"https:\\\/\\\/wearedream.org\\\/growing-teachers-from-within-the-dream-teaching-fellowship\\\/\"},\"wordCount\":8,\"publisher\":{\"@id\":\"https:\\\/\\\/wearedream.org\\\/#organization\"},\"image\":{\"@id\":\"https:\\\/\\\/wearedream.org\\\/growing-teachers-from-within-the-dream-teaching-fellowship\\\/#primaryimage\"},\"thumbnailUrl\":\"https:\\\/\\\/wearedream.org\\\/wp-content\\\/uploads\\\/2026\\\/03\\\/600x600bb.webp\",\"articleSection\":[\"In the News\"],\"inLanguage\":\"es-MX\"},{\"@type\":\"WebPage\",\"@id\":\"https:\\\/\\\/wearedream.org\\\/growing-teachers-from-within-the-dream-teaching-fellowship\\\/\",\"url\":\"https:\\\/\\\/wearedream.org\\\/growing-teachers-from-within-the-dream-teaching-fellowship\\\/\",\"name\":\"Growing Teachers from Within: The DREAM Teaching Fellowship &#8211; DREAM\",\"isPartOf\":{\"@id\":\"https:\\\/\\\/wearedream.org\\\/#website\"},\"primaryImageOfPage\":{\"@id\":\"https:\\\/\\\/wearedream.org\\\/growing-teachers-from-within-the-dream-teaching-fellowship\\\/#primaryimage\"},\"image\":{\"@id\":\"https:\\\/\\\/wearedream.org\\\/growing-teachers-from-within-the-dream-teaching-fellowship\\\/#primaryimage\"},\"thumbnailUrl\":\"https:\\\/\\\/wearedream.org\\\/wp-content\\\/uploads\\\/2026\\\/03\\\/600x600bb.webp\",\"datePublished\":\"2026-03-31T17:44:58+00:00\",\"dateModified\":\"2026-03-31T17:47:17+00:00\",\"description\":\"DREAM was recently featured on the SUNY Charter Schools Institute\u2019s More Great Seats 4 Kids podcast. In this episode, Kalila Hoggard, Chief People & Equity Officer, and Ana Rader, Director of Seasonal and Fellowship Recruitment, joined host Mike Lesczinski to discuss how DREAM is building sustainable teacher pipelines from within its own community.\",\"breadcrumb\":{\"@id\":\"https:\\\/\\\/wearedream.org\\\/growing-teachers-from-within-the-dream-teaching-fellowship\\\/#breadcrumb\"},\"inLanguage\":\"es-MX\",\"potentialAction\":[{\"@type\":\"ReadAction\",\"target\":[\"https:\\\/\\\/wearedream.org\\\/growing-teachers-from-within-the-dream-teaching-fellowship\\\/\"]}]},{\"@type\":\"ImageObject\",\"inLanguage\":\"es-MX\",\"@id\":\"https:\\\/\\\/wearedream.org\\\/growing-teachers-from-within-the-dream-teaching-fellowship\\\/#primaryimage\",\"url\":\"https:\\\/\\\/wearedream.org\\\/wp-content\\\/uploads\\\/2026\\\/03\\\/600x600bb.webp\",\"contentUrl\":\"https:\\\/\\\/wearedream.org\\\/wp-content\\\/uploads\\\/2026\\\/03\\\/600x600bb.webp\",\"width\":600,\"height\":600},{\"@type\":\"BreadcrumbList\",\"@id\":\"https:\\\/\\\/wearedream.org\\\/growing-teachers-from-within-the-dream-teaching-fellowship\\\/#breadcrumb\",\"itemListElement\":[{\"@type\":\"ListItem\",\"position\":1,\"name\":\"Home\",\"item\":\"https:\\\/\\\/wearedream.org\\\/\"},{\"@type\":\"ListItem\",\"position\":2,\"name\":\"Growing Teachers from Within: The DREAM Teaching Fellowship\"}]},{\"@type\":\"WebSite\",\"@id\":\"https:\\\/\\\/wearedream.org\\\/#website\",\"url\":\"https:\\\/\\\/wearedream.org\\\/\",\"name\":\"DREAM\",\"description\":\"Play - Learn - Grow\",\"publisher\":{\"@id\":\"https:\\\/\\\/wearedream.org\\\/#organization\"},\"potentialAction\":[{\"@type\":\"SearchAction\",\"target\":{\"@type\":\"EntryPoint\",\"urlTemplate\":\"https:\\\/\\\/wearedream.org\\\/?s={search_term_string}\"},\"query-input\":{\"@type\":\"PropertyValueSpecification\",\"valueRequired\":true,\"valueName\":\"search_term_string\"}}],\"inLanguage\":\"es-MX\"},{\"@type\":\"Organization\",\"@id\":\"https:\\\/\\\/wearedream.org\\\/#organization\",\"name\":\"DREAM\",\"url\":\"https:\\\/\\\/wearedream.org\\\/\",\"logo\":{\"@type\":\"ImageObject\",\"inLanguage\":\"es-MX\",\"@id\":\"https:\\\/\\\/wearedream.org\\\/#\\\/schema\\\/logo\\\/image\\\/\",\"url\":\"https:\\\/\\\/wearedream.org\\\/wp-content\\\/uploads\\\/2021\\\/07\\\/logo.svg\",\"contentUrl\":\"https:\\\/\\\/wearedream.org\\\/wp-content\\\/uploads\\\/2021\\\/07\\\/logo.svg\",\"width\":1,\"height\":1,\"caption\":\"DREAM\"},\"image\":{\"@id\":\"https:\\\/\\\/wearedream.org\\\/#\\\/schema\\\/logo\\\/image\\\/\"},\"sameAs\":[\"https:\\\/\\\/www.facebook.com\\\/wearedreamorg\",\"https:\\\/\\\/x.com\\\/wearedream\",\"https:\\\/\\\/www.instagram.com\\\/wearedream\\\/\",\"https:\\\/\\\/www.linkedin.com\\\/company\\\/wearedream\\\/\"]},{\"@type\":\"Person\",\"@id\":\"https:\\\/\\\/wearedream.org\\\/#\\\/schema\\\/person\\\/2946c1c4576ee5774bd69bafc1ac50a6\",\"name\":\"DREAM\",\"description\":\"DREAM started in 1991 as Harlem RBI, a volunteer-run Little League for 75 kids in East Harlem. Three decades later, the organization serves 2,500 youth across East Harlem and the South Bronx through a growing network of inclusive, extended-day, extended-year charter schools and community sports-based youth development programs. By developing an education model that is responsive to the unique academic and social needs of every child, DREAM is creating a future where all children are equipped to fulfill their vision of success.\",\"url\":\"https:\\\/\\\/wearedream.org\\\/es\\\/author\\\/communicationswearedream-org\\\/\"}]}<\/script>\n<!-- \/ Yoast SEO plugin. -->","yoast_head_json":{"title":"Growing Teachers from Within: The DREAM Teaching Fellowship &#8211; DREAM","description":"DREAM was recently featured on the SUNY Charter Schools Institute\u2019s More Great Seats 4 Kids podcast. In this episode, Kalila Hoggard, Chief People & Equity Officer, and Ana Rader, Director of Seasonal and Fellowship Recruitment, joined host Mike Lesczinski to discuss how DREAM is building sustainable teacher pipelines from within its own community.","robots":{"index":"index","follow":"follow","max-snippet":"max-snippet:-1","max-image-preview":"max-image-preview:large","max-video-preview":"max-video-preview:-1"},"canonical":"https:\/\/wearedream.org\/es\/growing-teachers-from-within-the-dream-teaching-fellowship\/","og_locale":"es_MX","og_type":"article","og_title":"Growing Teachers from Within: The DREAM Teaching Fellowship &#8211; DREAM","og_description":"DREAM was recently featured on the SUNY Charter Schools Institute\u2019s More Great Seats 4 Kids podcast. In this episode, Kalila Hoggard, Chief People & Equity Officer, and Ana Rader, Director of Seasonal and Fellowship Recruitment, joined host Mike Lesczinski to discuss how DREAM is building sustainable teacher pipelines from within its own community.","og_url":"https:\/\/wearedream.org\/es\/growing-teachers-from-within-the-dream-teaching-fellowship\/","og_site_name":"DREAM","article_publisher":"https:\/\/www.facebook.com\/wearedreamorg","article_published_time":"2026-03-31T17:44:58+00:00","article_modified_time":"2026-03-31T17:47:17+00:00","og_image":[{"width":600,"height":600,"url":"https:\/\/wearedream.org\/wp-content\/uploads\/2026\/03\/600x600bb.webp","type":"image\/webp"}],"author":"DREAM","twitter_card":"summary_large_image","twitter_creator":"@wearedream","twitter_site":"@wearedream","twitter_misc":{"Escrito por":"DREAM","Tiempo de lectura":"1 minuto"},"schema":{"@context":"https:\/\/schema.org","@graph":[{"@type":"Article","@id":"https:\/\/wearedream.org\/growing-teachers-from-within-the-dream-teaching-fellowship\/#article","isPartOf":{"@id":"https:\/\/wearedream.org\/growing-teachers-from-within-the-dream-teaching-fellowship\/"},"author":{"name":"DREAM","@id":"https:\/\/wearedream.org\/#\/schema\/person\/2946c1c4576ee5774bd69bafc1ac50a6"},"headline":"Growing Teachers from Within: The DREAM Teaching Fellowship","datePublished":"2026-03-31T17:44:58+00:00","dateModified":"2026-03-31T17:47:17+00:00","mainEntityOfPage":{"@id":"https:\/\/wearedream.org\/growing-teachers-from-within-the-dream-teaching-fellowship\/"},"wordCount":8,"publisher":{"@id":"https:\/\/wearedream.org\/#organization"},"image":{"@id":"https:\/\/wearedream.org\/growing-teachers-from-within-the-dream-teaching-fellowship\/#primaryimage"},"thumbnailUrl":"https:\/\/wearedream.org\/wp-content\/uploads\/2026\/03\/600x600bb.webp","articleSection":["In the News"],"inLanguage":"es-MX"},{"@type":"WebPage","@id":"https:\/\/wearedream.org\/growing-teachers-from-within-the-dream-teaching-fellowship\/","url":"https:\/\/wearedream.org\/growing-teachers-from-within-the-dream-teaching-fellowship\/","name":"Growing Teachers from Within: The DREAM Teaching Fellowship &#8211; DREAM","isPartOf":{"@id":"https:\/\/wearedream.org\/#website"},"primaryImageOfPage":{"@id":"https:\/\/wearedream.org\/growing-teachers-from-within-the-dream-teaching-fellowship\/#primaryimage"},"image":{"@id":"https:\/\/wearedream.org\/growing-teachers-from-within-the-dream-teaching-fellowship\/#primaryimage"},"thumbnailUrl":"https:\/\/wearedream.org\/wp-content\/uploads\/2026\/03\/600x600bb.webp","datePublished":"2026-03-31T17:44:58+00:00","dateModified":"2026-03-31T17:47:17+00:00","description":"DREAM was recently featured on the SUNY Charter Schools Institute\u2019s More Great Seats 4 Kids podcast. In this episode, Kalila Hoggard, Chief People & Equity Officer, and Ana Rader, Director of Seasonal and Fellowship Recruitment, joined host Mike Lesczinski to discuss how DREAM is building sustainable teacher pipelines from within its own community.","breadcrumb":{"@id":"https:\/\/wearedream.org\/growing-teachers-from-within-the-dream-teaching-fellowship\/#breadcrumb"},"inLanguage":"es-MX","potentialAction":[{"@type":"ReadAction","target":["https:\/\/wearedream.org\/growing-teachers-from-within-the-dream-teaching-fellowship\/"]}]},{"@type":"ImageObject","inLanguage":"es-MX","@id":"https:\/\/wearedream.org\/growing-teachers-from-within-the-dream-teaching-fellowship\/#primaryimage","url":"https:\/\/wearedream.org\/wp-content\/uploads\/2026\/03\/600x600bb.webp","contentUrl":"https:\/\/wearedream.org\/wp-content\/uploads\/2026\/03\/600x600bb.webp","width":600,"height":600},{"@type":"BreadcrumbList","@id":"https:\/\/wearedream.org\/growing-teachers-from-within-the-dream-teaching-fellowship\/#breadcrumb","itemListElement":[{"@type":"ListItem","position":1,"name":"Home","item":"https:\/\/wearedream.org\/"},{"@type":"ListItem","position":2,"name":"Growing Teachers from Within: The DREAM Teaching Fellowship"}]},{"@type":"WebSite","@id":"https:\/\/wearedream.org\/#website","url":"https:\/\/wearedream.org\/","name":"Verano de DREAM","description":"Jugar - Aprender - Crecer","publisher":{"@id":"https:\/\/wearedream.org\/#organization"},"potentialAction":[{"@type":"SearchAction","target":{"@type":"EntryPoint","urlTemplate":"https:\/\/wearedream.org\/?s={search_term_string}"},"query-input":{"@type":"PropertyValueSpecification","valueRequired":true,"valueName":"search_term_string"}}],"inLanguage":"es-MX"},{"@type":"Organization","@id":"https:\/\/wearedream.org\/#organization","name":"Verano de DREAM","url":"https:\/\/wearedream.org\/","logo":{"@type":"ImageObject","inLanguage":"es-MX","@id":"https:\/\/wearedream.org\/#\/schema\/logo\/image\/","url":"https:\/\/wearedream.org\/wp-content\/uploads\/2021\/07\/logo.svg","contentUrl":"https:\/\/wearedream.org\/wp-content\/uploads\/2021\/07\/logo.svg","width":1,"height":1,"caption":"DREAM"},"image":{"@id":"https:\/\/wearedream.org\/#\/schema\/logo\/image\/"},"sameAs":["https:\/\/www.facebook.com\/wearedreamorg","https:\/\/x.com\/wearedream","https:\/\/www.instagram.com\/wearedream\/","https:\/\/www.linkedin.com\/company\/wearedream\/"]},{"@type":"Person","@id":"https:\/\/wearedream.org\/#\/schema\/person\/2946c1c4576ee5774bd69bafc1ac50a6","name":"Verano de DREAM","description":"DREAM comenz\u00f3 en 1991 como Harlem RBI, una liga infantil de b\u00e9isbol gestionada por voluntarios para 75 ni\u00f1os en East Harlem. Tres d\u00e9cadas despu\u00e9s, la organizaci\u00f3n atiende a 2500 j\u00f3venes en East Harlem y el sur del Bronx a trav\u00e9s de una creciente red de escuelas ch\u00e1rter inclusivas de jornada y a\u00f1o extendidos, as\u00ed como de programas comunitarios de desarrollo juvenil basados en el deporte. Al desarrollar un modelo educativo que responde a las necesidades acad\u00e9micas y sociales \u00fanicas de cada ni\u00f1o, DREAM est\u00e1 creando un futuro donde todos los ni\u00f1os est\u00e9n preparados para alcanzar su visi\u00f3n de \u00e9xito.","url":"https:\/\/wearedream.org\/es\/author\/communicationswearedream-org\/"}]}},"_links":{"self":[{"href":"https:\/\/wearedream.org\/es\/wp-json\/wp\/v2\/posts\/7005","targetHints":{"allow":["GET"]}}],"collection":[{"href":"https:\/\/wearedream.org\/es\/wp-json\/wp\/v2\/posts"}],"about":[{"href":"https:\/\/wearedream.org\/es\/wp-json\/wp\/v2\/types\/post"}],"author":[{"embeddable":true,"href":"https:\/\/wearedream.org\/es\/wp-json\/wp\/v2\/users\/12"}],"replies":[{"embeddable":true,"href":"https:\/\/wearedream.org\/es\/wp-json\/wp\/v2\/comments?post=7005"}],"version-history":[{"count":0,"href":"https:\/\/wearedream.org\/es\/wp-json\/wp\/v2\/posts\/7005\/revisions"}],"wp:featuredmedia":[{"embeddable":true,"href":"https:\/\/wearedream.org\/es\/wp-json\/wp\/v2\/media\/4533"}],"wp:attachment":[{"href":"https:\/\/wearedream.org\/es\/wp-json\/wp\/v2\/media?parent=7005"}],"wp:term":[{"taxonomy":"category","embeddable":true,"href":"https:\/\/wearedream.org\/es\/wp-json\/wp\/v2\/categories?post=7005"},{"taxonomy":"post_tag","embeddable":true,"href":"https:\/\/wearedream.org\/es\/wp-json\/wp\/v2\/tags?post=7005"}],"curies":[{"name":"gracias","href":"https:\/\/api.w.org\/{rel}","templated":true}]}}